{"id":5328,"date":"2026-04-26T14:31:44","date_gmt":"2026-04-26T12:31:44","guid":{"rendered":"https:\/\/assmgym.saintmedardasso.fr\/?p=5328"},"modified":"2026-04-26T14:34:55","modified_gmt":"2026-04-26T12:34:55","slug":"la-billetterie-du-gala-est-ouverte","status":"publish","type":"post","link":"http:\/\/assmgym.saintmedardasso.fr\/?p=5328","title":{"rendered":"LA BILLETTERIE DU GALA EST OUVERTE !"},"content":{"rendered":"\n<p>Notre club f\u00eate ses <strong>50 ans<\/strong> cette ann\u00e9e.<br \/>Pour l&rsquo;occasion, nous vous pr\u00e9parons un <strong>spectacle exceptionnel<\/strong>, festif et fid\u00e8le \u00e0 nos valeurs !<\/p>\n\n\n\n<p>Nous vous attendons donc le :<\/p>\n\n\n\n<ul><li><strong>Vendredi 26 juin \u00e0 20h30<\/strong><\/li><li><strong>Samedi 27 juin \u00e0 15h<\/strong><\/li><li><strong>Samedi 27 juin \u00e0 20h30<\/strong><\/li><\/ul>\n\n\n\n<p>Vous pouvez ne venir qu&rsquo;\u00e0 1, 2 ou bien aux 3 spectacles !<\/p>\n\n\n\n<p>Restauration sur place.<br \/><strong>Tarifs et r\u00e9servation<\/strong>s via le QR code de l&rsquo;affiche ou ici : https:\/\/www.helloasso.com\/associations\/assm-gymnastique\/evenements\/gala-2026-50-ans<\/p>\n\n\n\n<p>Pour plus de renseignements, veuillez nous contacter au 0675421328.<\/p>\n\n\n\n<div class=\"wp-block-image\"><figure class=\"aligncenter size-large\"><a href=\"https:\/\/assmgym.saintmedardasso.fr\/wp-content\/uploads\/2026\/04\/Affiche-gala-2026-1.jpeg\"><img loading=\"lazy\" width=\"724\" height=\"1024\" src=\"https:\/\/assmgym.saintmedardasso.fr\/wp-content\/uploads\/2026\/04\/Affiche-gala-2026-1-724x1024.jpeg\" alt=\"\" class=\"wp-image-5330\" srcset=\"http:\/\/assmgym.saintmedardasso.fr\/wp-content\/uploads\/2026\/04\/Affiche-gala-2026-1-724x1024.jpeg 724w, http:\/\/assmgym.saintmedardasso.fr\/wp-content\/uploads\/2026\/04\/Affiche-gala-2026-1-212x300.jpeg 212w, http:\/\/assmgym.saintmedardasso.fr\/wp-content\/uploads\/2026\/04\/Affiche-gala-2026-1-768x1086.jpeg 768w, http:\/\/assmgym.saintmedardasso.fr\/wp-content\/uploads\/2026\/04\/Affiche-gala-2026-1-1086x1536.jpeg 1086w, http:\/\/assmgym.saintmedardasso.fr\/wp-content\/uploads\/2026\/04\/Affiche-gala-2026-1.jpeg 1414w\" sizes=\"(max-width: 724px) 100vw, 724px\" \/><\/a><figcaption>Affiche du gala 2026<\/figcaption><\/figure><\/div>\n","protected":false},"excerpt":{"rendered":"<p>Notre club f\u00eate ses 50 ans cette ann\u00e9e.Pour l&rsquo;occasion, nous vous pr\u00e9parons un spectacle exceptionnel, festif et fid\u00e8le \u00e0 nos valeurs ! Nous vous [&#8230;]<\/p>\n","protected":false},"author":2,"featured_media":5327,"comment_status":"closed","ping_status":"closed","sticky":true,"template":"","format":"standard","meta":{"ngg_post_thumbnail":0},"categories":[],"tags":[],"_links":{"self":[{"href":"http:\/\/assmgym.saintmedardasso.fr\/index.php?rest_route=\/wp\/v2\/posts\/5328"}],"collection":[{"href":"http:\/\/assmgym.saintmedardasso.fr\/index.php?rest_route=\/wp\/v2\/posts"}],"about":[{"href":"http:\/\/assmgym.saintmedardasso.fr\/index.php?rest_route=\/wp\/v2\/types\/post"}],"author":[{"embeddable":true,"href":"http:\/\/assmgym.saintmedardasso.fr\/index.php?rest_route=\/wp\/v2\/users\/2"}],"replies":[{"embeddable":true,"href":"http:\/\/assmgym.saintmedardasso.fr\/index.php?rest_route=%2Fwp%2Fv2%2Fcomments&post=5328"}],"version-history":[{"count":2,"href":"http:\/\/assmgym.saintmedardasso.fr\/index.php?rest_route=\/wp\/v2\/posts\/5328\/revisions"}],"predecessor-version":[{"id":5331,"href":"http:\/\/assmgym.saintmedardasso.fr\/index.php?rest_route=\/wp\/v2\/posts\/5328\/revisions\/5331"}],"wp:featuredmedia":[{"embeddable":true,"href":"http:\/\/assmgym.saintmedardasso.fr\/index.php?rest_route=\/wp\/v2\/media\/5327"}],"wp:attachment":[{"href":"http:\/\/assmgym.saintmedardasso.fr\/index.php?rest_route=%2Fwp%2Fv2%2Fmedia&parent=5328"}],"wp:term":[{"taxonomy":"category","embeddable":true,"href":"http:\/\/assmgym.saintmedardasso.fr\/index.php?rest_route=%2Fwp%2Fv2%2Fcategories&post=5328"},{"taxonomy":"post_tag","embeddable":true,"href":"http:\/\/assmgym.saintmedardasso.fr\/index.php?rest_route=%2Fwp%2Fv2%2Ftags&post=5328"}],"curies":[{"name":"wp","href":"https:\/\/api.w.org\/{rel}","templated":true}]}}